{"id":5848,"date":"2009-09-02T07:30:42","date_gmt":"2009-09-02T05:30:42","guid":{"rendered":"http:\/\/www.parokeets.com\/sl\/?p=5848"},"modified":"2016-01-04T10:32:50","modified_gmt":"2016-01-04T09:32:50","slug":"essie-fall-2009-pink-parka","status":"publish","type":"post","link":"https:\/\/www.parokeets.com\/sl\/2009\/09\/essie-fall-2009-pink-parka\/","title":{"rendered":"Essie jesen 2009 &#8211; Pink Parka"},"content":{"rendered":"<p>Danes imam za vas krem neon roza odtenek z imenom <strong>Pink Parka<\/strong>. Odtenek je iz leto\u0161nje jesenske kolekcije <strong>Cuddle With Color <\/strong>znamke <strong>Essie<\/strong>. Ta kolekcija je prav zanimiva in tako netipi\u010dna za Essie. Vsebuje dva neon odtenka (neoni za jesen!!!), siv odtenek, rjav in temno moder odtenek. Meni je kolekcija zanimiva v pozitivnem smislu. Barve so mi v\u0161e\u010d, a vseeno se ne morem odlo\u010diti, ali sem navdu\u0161ena nad neoni za jesen, ker resni\u010dno ne vem, ali jih bom \u017eelela nositi, ko bo listje za\u010delo odpadati z dreves in ko bo zbledela moja porjavela ko\u017ea. Hmm&#8230; ne vem, no&#8230; Ja, saj vem, da bodo odtenki po\u010dakali tudi do naslednjega poletja&#8230; Res pa je, da se nikoli ne ve, kaj me bo pi\u010dilo leto\u0161njo jesen in zimo. Morda pa me bo razganjalo do konca in bom non-stop nosila neone na svojih &#8220;krempeljcih&#8221;. <!-- :think: --> Pustimo se presenetiti&#8230;<\/p>\n<p>Naj vam kon\u010dno le poka\u017eem ta krem neon roza odtenek z imenom <strong>Pink Parka<\/strong>. In ker je zunaj \u0161e zmeraj precej toplo, jaz pa sem na dvotedenskih delovnih po\u010ditnicah na morju, je bil tale neon\u010dek ravno prav\u0161nji&#8230;<\/p>\n<p><a href=\"https:\/\/www.parokeets.com\/wp-content\/uploads\/2009\/09\/Essie-PinkParka-1B.gif\" rel=\"attachment wp-att-5849\"><img loading=\"lazy\" decoding=\"async\" class=\"aligncenter wp-image-5849 size-full\" title=\"Essie - Pink Parka\" src=\"https:\/\/www.parokeets.com\/wp-content\/uploads\/2009\/09\/Essie-PinkParka-1B.gif\" alt=\"Essie - Pink Parka\" width=\"330\" height=\"430\" \/><\/a>Na fotografiji sta dva nanosa z eno plastjo nadlaka. Nana\u0161al se je kar lepo. Posu\u0161il se je v mat fini\u0161, kot se za neon odtenek spodobi.<\/p>\n<p>Kaj menite o neonih za jesen?<\/p>\n","protected":false},"excerpt":{"rendered":"<p>Danes imam za vas krem neon roza odtenek z imenom Pink Parka. Odtenek je iz leto\u0161nje jesenske kolekcije Cuddle With Color znamke Essie. Ta kolekcija &#8230; <\/p>\n<p class=\"read-more-container\"><a title=\"Essie jesen 2009 &#8211; Pink Parka\" class=\"read-more button\" href=\"https:\/\/www.parokeets.com\/sl\/2009\/09\/essie-fall-2009-pink-parka\/#more-5848\" aria-label=\"Read more about Essie jesen 2009 &#8211; Pink Parka\">Ve\u010d<\/a><\/p>\n","protected":false},"author":2,"featured_media":5849,"comment_status":"open","ping_status":"open","sticky":false,"template":"","format":"standard","meta":{"footnotes":""},"categories":[],"tags":[69,420],"class_list":["post-5848","post","type-post","status-publish","format-standard","has-post-thumbnail","hentry","tag-essie","tag-neon","generate-columns","tablet-grid-50","mobile-grid-100","grid-parent","grid-33","resize-featured-image"],"yoast_head":"<!-- This site is optimized with the Yoast SEO plugin v27.5 - https:\/\/yoast.com\/product\/yoast-seo-wordpress\/ -->\n<title>Essie jesen 2009 - Pink Parka<\/title>\n<meta name=\"robots\" content=\"index, follow, max-snippet:-1, max-image-preview:large, max-video-preview:-1\" \/>\n<link rel=\"canonical\" href=\"https:\/\/www.parokeets.com\/sl\/2009\/09\/essie-fall-2009-pink-parka\/\" \/>\n<meta property=\"og:locale\" content=\"sl_SI\" \/>\n<meta property=\"og:type\" content=\"article\" \/>\n<meta property=\"og:title\" content=\"Essie jesen 2009 - Pink Parka\" \/>\n<meta property=\"og:description\" content=\"Danes imam za vas krem neon roza odtenek z imenom Pink Parka. Odtenek je iz leto\u0161nje jesenske kolekcije Cuddle With Color znamke Essie. Ta kolekcija ... Ve\u010d\" \/>\n<meta property=\"og:url\" content=\"https:\/\/www.parokeets.com\/sl\/2009\/09\/essie-fall-2009-pink-parka\/\" \/>\n<meta property=\"og:site_name\" content=\"Parokeets (SL)\" \/>\n<meta property=\"article:publisher\" content=\"http:\/\/www.facebook.com\/parokeets\" \/>\n<meta property=\"article:author\" content=\"http:\/\/www.facebook.com\/MaestraParokeets\/\" \/>\n<meta property=\"article:published_time\" content=\"2009-09-02T05:30:42+00:00\" \/>\n<meta property=\"article:modified_time\" content=\"2016-01-04T09:32:50+00:00\" \/>\n<meta property=\"og:image\" content=\"https:\/\/www.parokeets.com\/wp-content\/uploads\/2009\/09\/Essie-PinkParka-1B.gif\" \/>\n\t<meta property=\"og:image:width\" content=\"330\" \/>\n\t<meta property=\"og:image:height\" content=\"430\" \/>\n\t<meta property=\"og:image:type\" content=\"image\/gif\" \/>\n<meta name=\"author\" content=\"Maestra\" \/>\n<meta name=\"twitter:card\" content=\"summary_large_image\" \/>\n<meta name=\"twitter:creator\" content=\"@Parokeets\" \/>\n<meta name=\"twitter:site\" content=\"@Parokeets\" \/>\n<meta name=\"twitter:label1\" content=\"Written by\" \/>\n\t<meta name=\"twitter:data1\" content=\"Maestra (Maja)\" \/>\n\t<meta name=\"twitter:label2\" content=\"Est. reading time\" \/>\n\t<meta name=\"twitter:data2\" content=\"1 minuta\" \/>\n<script type=\"application\/ld+json\" class=\"yoast-schema-graph\">{\"@context\":\"https:\\\/\\\/schema.org\",\"@graph\":[{\"@type\":\"Article\",\"@id\":\"https:\\\/\\\/www.parokeets.com\\\/sl\\\/2009\\\/09\\\/essie-fall-2009-pink-parka\\\/#article\",\"isPartOf\":{\"@id\":\"https:\\\/\\\/www.parokeets.com\\\/sl\\\/2009\\\/09\\\/essie-fall-2009-pink-parka\\\/\"},\"author\":{\"name\":\"Maestra\",\"@id\":\"https:\\\/\\\/www.parokeets.com\\\/sl\\\/#\\\/schema\\\/person\\\/f404a782eb2e9a9dc4cfd39bae03e846\"},\"headline\":\"Essie jesen 2009 &#8211; Pink Parka\",\"datePublished\":\"2009-09-02T05:30:42+00:00\",\"dateModified\":\"2016-01-04T09:32:50+00:00\",\"mainEntityOfPage\":{\"@id\":\"https:\\\/\\\/www.parokeets.com\\\/sl\\\/2009\\\/09\\\/essie-fall-2009-pink-parka\\\/\"},\"wordCount\":235,\"commentCount\":5,\"publisher\":{\"@id\":\"https:\\\/\\\/www.parokeets.com\\\/sl\\\/#organization\"},\"image\":{\"@id\":\"https:\\\/\\\/www.parokeets.com\\\/sl\\\/2009\\\/09\\\/essie-fall-2009-pink-parka\\\/#primaryimage\"},\"thumbnailUrl\":\"https:\\\/\\\/www.parokeets.com\\\/wp-content\\\/uploads\\\/2009\\\/09\\\/Essie-PinkParka-1B.gif\",\"keywords\":[\"Essie\",\"neon laki\"],\"inLanguage\":\"sl-SI\",\"potentialAction\":[{\"@type\":\"CommentAction\",\"name\":\"Comment\",\"target\":[\"https:\\\/\\\/www.parokeets.com\\\/sl\\\/2009\\\/09\\\/essie-fall-2009-pink-parka\\\/#respond\"]}]},{\"@type\":\"WebPage\",\"@id\":\"https:\\\/\\\/www.parokeets.com\\\/sl\\\/2009\\\/09\\\/essie-fall-2009-pink-parka\\\/\",\"url\":\"https:\\\/\\\/www.parokeets.com\\\/sl\\\/2009\\\/09\\\/essie-fall-2009-pink-parka\\\/\",\"name\":\"Essie jesen 2009 - Pink Parka\",\"isPartOf\":{\"@id\":\"https:\\\/\\\/www.parokeets.com\\\/sl\\\/#website\"},\"primaryImageOfPage\":{\"@id\":\"https:\\\/\\\/www.parokeets.com\\\/sl\\\/2009\\\/09\\\/essie-fall-2009-pink-parka\\\/#primaryimage\"},\"image\":{\"@id\":\"https:\\\/\\\/www.parokeets.com\\\/sl\\\/2009\\\/09\\\/essie-fall-2009-pink-parka\\\/#primaryimage\"},\"thumbnailUrl\":\"https:\\\/\\\/www.parokeets.com\\\/wp-content\\\/uploads\\\/2009\\\/09\\\/Essie-PinkParka-1B.gif\",\"datePublished\":\"2009-09-02T05:30:42+00:00\",\"dateModified\":\"2016-01-04T09:32:50+00:00\",\"inLanguage\":\"sl-SI\",\"potentialAction\":[{\"@type\":\"ReadAction\",\"target\":[\"https:\\\/\\\/www.parokeets.com\\\/sl\\\/2009\\\/09\\\/essie-fall-2009-pink-parka\\\/\"]}]},{\"@type\":\"ImageObject\",\"inLanguage\":\"sl-SI\",\"@id\":\"https:\\\/\\\/www.parokeets.com\\\/sl\\\/2009\\\/09\\\/essie-fall-2009-pink-parka\\\/#primaryimage\",\"url\":\"https:\\\/\\\/www.parokeets.com\\\/wp-content\\\/uploads\\\/2009\\\/09\\\/Essie-PinkParka-1B.gif\",\"contentUrl\":\"https:\\\/\\\/www.parokeets.com\\\/wp-content\\\/uploads\\\/2009\\\/09\\\/Essie-PinkParka-1B.gif\",\"width\":330,\"height\":430},{\"@type\":\"WebSite\",\"@id\":\"https:\\\/\\\/www.parokeets.com\\\/sl\\\/#website\",\"url\":\"https:\\\/\\\/www.parokeets.com\\\/sl\\\/\",\"name\":\"Parokeets (SL)\",\"description\":\"slovenski lepotni blog z najdalj\u0161im sta\u017eem\",\"publisher\":{\"@id\":\"https:\\\/\\\/www.parokeets.com\\\/sl\\\/#organization\"},\"potentialAction\":[{\"@type\":\"SearchAction\",\"target\":{\"@type\":\"EntryPoint\",\"urlTemplate\":\"https:\\\/\\\/www.parokeets.com\\\/sl\\\/?s={search_term_string}\"},\"query-input\":{\"@type\":\"PropertyValueSpecification\",\"valueRequired\":true,\"valueName\":\"search_term_string\"}}],\"inLanguage\":\"sl-SI\"},{\"@type\":\"Organization\",\"@id\":\"https:\\\/\\\/www.parokeets.com\\\/sl\\\/#organization\",\"name\":\"Parokeets lepotni blog\",\"url\":\"https:\\\/\\\/www.parokeets.com\\\/sl\\\/\",\"logo\":{\"@type\":\"ImageObject\",\"inLanguage\":\"sl-SI\",\"@id\":\"https:\\\/\\\/www.parokeets.com\\\/sl\\\/#\\\/schema\\\/logo\\\/image\\\/\",\"url\":\"https:\\\/\\\/www.parokeets.com\\\/wp-content\\\/uploads\\\/2015\\\/12\\\/cropped-Parokeets-logo-2015-90.png\",\"contentUrl\":\"https:\\\/\\\/www.parokeets.com\\\/wp-content\\\/uploads\\\/2015\\\/12\\\/cropped-Parokeets-logo-2015-90.png\",\"width\":272,\"height\":54,\"caption\":\"Parokeets lepotni blog\"},\"image\":{\"@id\":\"https:\\\/\\\/www.parokeets.com\\\/sl\\\/#\\\/schema\\\/logo\\\/image\\\/\"},\"sameAs\":[\"http:\\\/\\\/www.facebook.com\\\/parokeets\",\"https:\\\/\\\/x.com\\\/Parokeets\",\"http:\\\/\\\/www.instagram.com\\\/gejba.parokeets\",\"http:\\\/\\\/www.youtube.com\\\/user\\\/GejbaParokeets\"]},{\"@type\":\"Person\",\"@id\":\"https:\\\/\\\/www.parokeets.com\\\/sl\\\/#\\\/schema\\\/person\\\/f404a782eb2e9a9dc4cfd39bae03e846\",\"name\":\"Maestra\",\"image\":{\"@type\":\"ImageObject\",\"inLanguage\":\"sl-SI\",\"@id\":\"https:\\\/\\\/secure.gravatar.com\\\/avatar\\\/7a9476c0e7d6f7388402438bf85dc180584bf4398e7e9b491718936dbd10b924?s=96&r=g\",\"url\":\"https:\\\/\\\/secure.gravatar.com\\\/avatar\\\/7a9476c0e7d6f7388402438bf85dc180584bf4398e7e9b491718936dbd10b924?s=96&r=g\",\"contentUrl\":\"https:\\\/\\\/secure.gravatar.com\\\/avatar\\\/7a9476c0e7d6f7388402438bf85dc180584bf4398e7e9b491718936dbd10b924?s=96&r=g\",\"caption\":\"Maestra\"},\"sameAs\":[\"https:\\\/\\\/www.parokeets.com\\\/\",\"http:\\\/\\\/www.facebook.com\\\/MaestraParokeets\\\/\",\"http:\\\/\\\/www.instagram.com\\\/maestraparokeets\\\/\",\"http:\\\/\\\/www.youtube.com\\\/user\\\/MaestraParokeets\"],\"url\":\"https:\\\/\\\/www.parokeets.com\\\/sl\\\/author\\\/maestra\\\/\"}]}<\/script>\n<!-- \/ Yoast SEO plugin. -->","yoast_head_json":{"title":"Essie jesen 2009 - Pink Parka","robots":{"index":"index","follow":"follow","max-snippet":"max-snippet:-1","max-image-preview":"max-image-preview:large","max-video-preview":"max-video-preview:-1"},"canonical":"https:\/\/www.parokeets.com\/sl\/2009\/09\/essie-fall-2009-pink-parka\/","og_locale":"sl_SI","og_type":"article","og_title":"Essie jesen 2009 - Pink Parka","og_description":"Danes imam za vas krem neon roza odtenek z imenom Pink Parka. Odtenek je iz leto\u0161nje jesenske kolekcije Cuddle With Color znamke Essie. Ta kolekcija ... Ve\u010d","og_url":"https:\/\/www.parokeets.com\/sl\/2009\/09\/essie-fall-2009-pink-parka\/","og_site_name":"Parokeets (SL)","article_publisher":"http:\/\/www.facebook.com\/parokeets","article_author":"http:\/\/www.facebook.com\/MaestraParokeets\/","article_published_time":"2009-09-02T05:30:42+00:00","article_modified_time":"2016-01-04T09:32:50+00:00","og_image":[{"width":330,"height":430,"url":"https:\/\/www.parokeets.com\/wp-content\/uploads\/2009\/09\/Essie-PinkParka-1B.gif","type":"image\/gif"}],"author":"Maestra","twitter_card":"summary_large_image","twitter_creator":"@Parokeets","twitter_site":"@Parokeets","twitter_misc":{"Written by":"Maestra (Maja)","Est. reading time":"1 minuta"},"schema":{"@context":"https:\/\/schema.org","@graph":[{"@type":"Article","@id":"https:\/\/www.parokeets.com\/sl\/2009\/09\/essie-fall-2009-pink-parka\/#article","isPartOf":{"@id":"https:\/\/www.parokeets.com\/sl\/2009\/09\/essie-fall-2009-pink-parka\/"},"author":{"name":"Maestra","@id":"https:\/\/www.parokeets.com\/sl\/#\/schema\/person\/f404a782eb2e9a9dc4cfd39bae03e846"},"headline":"Essie jesen 2009 &#8211; Pink Parka","datePublished":"2009-09-02T05:30:42+00:00","dateModified":"2016-01-04T09:32:50+00:00","mainEntityOfPage":{"@id":"https:\/\/www.parokeets.com\/sl\/2009\/09\/essie-fall-2009-pink-parka\/"},"wordCount":235,"commentCount":5,"publisher":{"@id":"https:\/\/www.parokeets.com\/sl\/#organization"},"image":{"@id":"https:\/\/www.parokeets.com\/sl\/2009\/09\/essie-fall-2009-pink-parka\/#primaryimage"},"thumbnailUrl":"https:\/\/www.parokeets.com\/wp-content\/uploads\/2009\/09\/Essie-PinkParka-1B.gif","keywords":["Essie","neon laki"],"inLanguage":"sl-SI","potentialAction":[{"@type":"CommentAction","name":"Comment","target":["https:\/\/www.parokeets.com\/sl\/2009\/09\/essie-fall-2009-pink-parka\/#respond"]}]},{"@type":"WebPage","@id":"https:\/\/www.parokeets.com\/sl\/2009\/09\/essie-fall-2009-pink-parka\/","url":"https:\/\/www.parokeets.com\/sl\/2009\/09\/essie-fall-2009-pink-parka\/","name":"Essie jesen 2009 - Pink Parka","isPartOf":{"@id":"https:\/\/www.parokeets.com\/sl\/#website"},"primaryImageOfPage":{"@id":"https:\/\/www.parokeets.com\/sl\/2009\/09\/essie-fall-2009-pink-parka\/#primaryimage"},"image":{"@id":"https:\/\/www.parokeets.com\/sl\/2009\/09\/essie-fall-2009-pink-parka\/#primaryimage"},"thumbnailUrl":"https:\/\/www.parokeets.com\/wp-content\/uploads\/2009\/09\/Essie-PinkParka-1B.gif","datePublished":"2009-09-02T05:30:42+00:00","dateModified":"2016-01-04T09:32:50+00:00","inLanguage":"sl-SI","potentialAction":[{"@type":"ReadAction","target":["https:\/\/www.parokeets.com\/sl\/2009\/09\/essie-fall-2009-pink-parka\/"]}]},{"@type":"ImageObject","inLanguage":"sl-SI","@id":"https:\/\/www.parokeets.com\/sl\/2009\/09\/essie-fall-2009-pink-parka\/#primaryimage","url":"https:\/\/www.parokeets.com\/wp-content\/uploads\/2009\/09\/Essie-PinkParka-1B.gif","contentUrl":"https:\/\/www.parokeets.com\/wp-content\/uploads\/2009\/09\/Essie-PinkParka-1B.gif","width":330,"height":430},{"@type":"WebSite","@id":"https:\/\/www.parokeets.com\/sl\/#website","url":"https:\/\/www.parokeets.com\/sl\/","name":"Parokeets (SL)","description":"slovenski lepotni blog z najdalj\u0161im sta\u017eem","publisher":{"@id":"https:\/\/www.parokeets.com\/sl\/#organization"},"potentialAction":[{"@type":"SearchAction","target":{"@type":"EntryPoint","urlTemplate":"https:\/\/www.parokeets.com\/sl\/?s={search_term_string}"},"query-input":{"@type":"PropertyValueSpecification","valueRequired":true,"valueName":"search_term_string"}}],"inLanguage":"sl-SI"},{"@type":"Organization","@id":"https:\/\/www.parokeets.com\/sl\/#organization","name":"Parokeets lepotni blog","url":"https:\/\/www.parokeets.com\/sl\/","logo":{"@type":"ImageObject","inLanguage":"sl-SI","@id":"https:\/\/www.parokeets.com\/sl\/#\/schema\/logo\/image\/","url":"https:\/\/www.parokeets.com\/wp-content\/uploads\/2015\/12\/cropped-Parokeets-logo-2015-90.png","contentUrl":"https:\/\/www.parokeets.com\/wp-content\/uploads\/2015\/12\/cropped-Parokeets-logo-2015-90.png","width":272,"height":54,"caption":"Parokeets lepotni blog"},"image":{"@id":"https:\/\/www.parokeets.com\/sl\/#\/schema\/logo\/image\/"},"sameAs":["http:\/\/www.facebook.com\/parokeets","https:\/\/x.com\/Parokeets","http:\/\/www.instagram.com\/gejba.parokeets","http:\/\/www.youtube.com\/user\/GejbaParokeets"]},{"@type":"Person","@id":"https:\/\/www.parokeets.com\/sl\/#\/schema\/person\/f404a782eb2e9a9dc4cfd39bae03e846","name":"Maestra","image":{"@type":"ImageObject","inLanguage":"sl-SI","@id":"https:\/\/secure.gravatar.com\/avatar\/7a9476c0e7d6f7388402438bf85dc180584bf4398e7e9b491718936dbd10b924?s=96&r=g","url":"https:\/\/secure.gravatar.com\/avatar\/7a9476c0e7d6f7388402438bf85dc180584bf4398e7e9b491718936dbd10b924?s=96&r=g","contentUrl":"https:\/\/secure.gravatar.com\/avatar\/7a9476c0e7d6f7388402438bf85dc180584bf4398e7e9b491718936dbd10b924?s=96&r=g","caption":"Maestra"},"sameAs":["https:\/\/www.parokeets.com\/","http:\/\/www.facebook.com\/MaestraParokeets\/","http:\/\/www.instagram.com\/maestraparokeets\/","http:\/\/www.youtube.com\/user\/MaestraParokeets"],"url":"https:\/\/www.parokeets.com\/sl\/author\/maestra\/"}]}},"amp_enabled":true,"_links":{"self":[{"href":"https:\/\/www.parokeets.com\/sl\/wp-json\/wp\/v2\/posts\/5848","targetHints":{"allow":["GET"]}}],"collection":[{"href":"https:\/\/www.parokeets.com\/sl\/wp-json\/wp\/v2\/posts"}],"about":[{"href":"https:\/\/www.parokeets.com\/sl\/wp-json\/wp\/v2\/types\/post"}],"author":[{"embeddable":true,"href":"https:\/\/www.parokeets.com\/sl\/wp-json\/wp\/v2\/users\/2"}],"replies":[{"embeddable":true,"href":"https:\/\/www.parokeets.com\/sl\/wp-json\/wp\/v2\/comments?post=5848"}],"version-history":[{"count":0,"href":"https:\/\/www.parokeets.com\/sl\/wp-json\/wp\/v2\/posts\/5848\/revisions"}],"wp:featuredmedia":[{"embeddable":true,"href":"https:\/\/www.parokeets.com\/sl\/wp-json\/wp\/v2\/media\/5849"}],"wp:attachment":[{"href":"https:\/\/www.parokeets.com\/sl\/wp-json\/wp\/v2\/media?parent=5848"}],"wp:term":[{"taxonomy":"category","embeddable":true,"href":"https:\/\/www.parokeets.com\/sl\/wp-json\/wp\/v2\/categories?post=5848"},{"taxonomy":"post_tag","embeddable":true,"href":"https:\/\/www.parokeets.com\/sl\/wp-json\/wp\/v2\/tags?post=5848"}],"curies":[{"name":"wp","href":"https:\/\/api.w.org\/{rel}","templated":true}]}}